{"id":32078,"date":"2024-07-04T08:00:43","date_gmt":"2024-07-04T06:00:43","guid":{"rendered":"https:\/\/applieditweb.com\/?p=32078"},"modified":"2024-07-04T14:00:50","modified_gmt":"2024-07-04T12:00:50","slug":"reflexiones-sobre-el-best-practice-day-2024-innovacion-y-excelencia-operacional","status":"publish","type":"post","link":"https:\/\/applieditweb.com\/es\/reflexiones-sobre-el-best-practice-day-2024-innovacion-y-excelencia-operacional\/","title":{"rendered":"Best Practice Day 2024: Innovaci\u00f3n y Excelencia Operacional"},"content":{"rendered":"<p><div class=\"fusion-fullwidth fullwidth-box fusion-builder-row-1 fusion-flex-container has-pattern-background has-mask-background nonhundred-percent-fullwidth non-hundred-percent-height-scrolling\" style=\"--awb-border-radius-top-left:0px;--awb-border-radius-top-right:0px;--awb-border-radius-bottom-right:0px;--awb-border-radius-bottom-left:0px;--awb-padding-right:240px;--awb-padding-left:248px;--awb-padding-right-medium:0px;--awb-padding-left-medium:0px;--awb-padding-right-small:0px;--awb-padding-left-small:0px;--awb-margin-bottom:20px;--awb-flex-wrap:wrap;\" ><div class=\"fusion-builder-row fusion-row fusion-flex-align-items-flex-start fusion-flex-content-wrap\" style=\"max-width:1179.36px;margin-left: calc(-4% \/ 2 );margin-right: calc(-4% \/ 2 );\"><div class=\"fusion-layout-column fusion_builder_column fusion-builder-column-0 fusion_builder_column_1_1 1_1 fusion-flex-column\" style=\"--awb-padding-right-medium:10px;--awb-padding-left-medium:10px;--awb-padding-right-small:10px;--awb-padding-left-small:10px;--awb-bg-size:cover;--awb-width-large:100%;--awb-margin-top-large:0px;--awb-spacing-right-large:0%;--awb-margin-bottom-large:0px;--awb-spacing-left-large:1.44%;--awb-width-medium:100%;--awb-order-medium:0;--awb-spacing-right-medium:0%;--awb-spacing-left-medium:1.44%;--awb-width-small:100%;--awb-order-small:0;--awb-spacing-right-small:1.92%;--awb-spacing-left-small:1.92%;\"><div class=\"fusion-column-wrapper fusion-column-has-shadow fusion-flex-justify-content-flex-start fusion-content-layout-column\"><div class=\"fusion-text fusion-text-1\" style=\"--awb-font-size:21px;--awb-line-height:26.46px;--awb-text-color:#d9d9d9;--awb-text-font-family:&quot;Outfit&quot;;--awb-text-font-style:normal;--awb-text-font-weight:400;\"><p>Esta semana tuve el privilegio de asistir junto a mi compa\u00f1era Inmaculada Navarro al <a style=\"color: #ec6064;\" href=\"https:\/\/www.best-practice-day.com\/\" target=\"_blank\" rel=\"noopener\">Best Practice Day 2024<\/a> organizado por la consultora <a style=\"color: #ec6064;\" href=\"https:\/\/en.staufen.ag\/\" target=\"_blank\" rel=\"noopener\">STAUFEN.<\/a> Este evento se ha consolidado como un referente en la excelencia operacional, reuniendo a l\u00edderes de la industria para compartir conocimientos y explorar innovaciones que est\u00e1n moldeando el futuro.<\/p>\n<p>El Best Practice Day es conocido por su enfoque en la mejora continua y la eficiencia en los procesos industriales. Este a\u00f1o, como en ediciones anteriores, el evento ha destacado por su impecable organizaci\u00f3n y la calidad de sus ponencias y talleres.<\/p>\n<\/div><div class=\"fusion-image-element \" style=\"text-align:center;--awb-margin-top:30px;--awb-margin-bottom:30px;--awb-caption-title-font-family:var(--h2_typography-font-family);--awb-caption-title-font-weight:var(--h2_typography-font-weight);--awb-caption-title-font-style:var(--h2_typography-font-style);--awb-caption-title-size:var(--h2_typography-font-size);--awb-caption-title-transform:var(--h2_typography-text-transform);--awb-caption-title-line-height:var(--h2_typography-line-height);--awb-caption-title-letter-spacing:var(--h2_typography-letter-spacing);\"><span class=\" fusion-imageframe imageframe-none imageframe-1 hover-type-none\"><img decoding=\"async\" width=\"640\" height=\"491\" title=\"staufen-1\" src=\"https:\/\/applieditweb.com\/wp-content\/uploads\/2024\/07\/staufen-1.png\" data-orig-src=\"https:\/\/applieditweb.com\/wp-content\/uploads\/2024\/07\/staufen-1.png\" alt class=\"lazyload img-responsive wp-image-32066\" srcset=\"data:image\/svg+xml,%3Csvg%20xmlns%3D%27http%3A%2F%2Fwww.w3.org%2F2000%2Fsvg%27%20width%3D%27640%27%20height%3D%27491%27%20viewBox%3D%270%200%20640%20491%27%3E%3Crect%20width%3D%27640%27%20height%3D%27491%27%20fill-opacity%3D%220%22%2F%3E%3C%2Fsvg%3E\" data-srcset=\"https:\/\/applieditweb.com\/wp-content\/uploads\/2024\/07\/staufen-1-200x153.png 200w, https:\/\/applieditweb.com\/wp-content\/uploads\/2024\/07\/staufen-1-400x307.png 400w, https:\/\/applieditweb.com\/wp-content\/uploads\/2024\/07\/staufen-1-600x460.png 600w, https:\/\/applieditweb.com\/wp-content\/uploads\/2024\/07\/staufen-1.png 640w\" data-sizes=\"auto\" data-orig-sizes=\"(max-width: 640px) 100vw, 640px\" \/><\/span><\/div><\/div><\/div><\/div><\/div><div class=\"fusion-fullwidth fullwidth-box fusion-builder-row-2 fusion-flex-container has-pattern-background has-mask-background nonhundred-percent-fullwidth non-hundred-percent-height-scrolling\" style=\"--awb-border-radius-top-left:0px;--awb-border-radius-top-right:0px;--awb-border-radius-bottom-right:0px;--awb-border-radius-bottom-left:0px;--awb-padding-right:240px;--awb-padding-left:248px;--awb-padding-right-medium:0px;--awb-padding-left-medium:0px;--awb-padding-right-small:0px;--awb-padding-left-small:0px;--awb-margin-top:40px;--awb-margin-bottom:40px;--awb-flex-wrap:wrap;\" ><div class=\"fusion-builder-row fusion-row fusion-flex-align-items-flex-start fusion-flex-content-wrap\" style=\"max-width:1179.36px;margin-left: calc(-4% \/ 2 );margin-right: calc(-4% \/ 2 );\"><div class=\"fusion-layout-column fusion_builder_column fusion-builder-column-1 fusion_builder_column_1_1 1_1 fusion-flex-column\" style=\"--awb-padding-right-medium:10px;--awb-padding-left-medium:10px;--awb-padding-right-small:10px;--awb-padding-left-small:10px;--awb-bg-size:cover;--awb-width-large:100%;--awb-margin-top-large:0px;--awb-spacing-right-large:0%;--awb-margin-bottom-large:0px;--awb-spacing-left-large:1.44%;--awb-width-medium:100%;--awb-order-medium:0;--awb-spacing-right-medium:0%;--awb-spacing-left-medium:1.44%;--awb-width-small:100%;--awb-order-small:0;--awb-spacing-right-small:1.92%;--awb-spacing-left-small:1.92%;\"><div class=\"fusion-column-wrapper fusion-column-has-shadow fusion-flex-justify-content-flex-start fusion-content-layout-column\"><div class=\"fusion-text fusion-text-2\" style=\"--awb-font-size:16px;--awb-line-height:20.46px;--awb-text-color:#d9d9d9;--awb-text-font-family:&quot;Outfit&quot;;--awb-text-font-style:normal;--awb-text-font-weight:400;\"><p>En AppliedIT nos sentimos orgullosos de haber sido parte de este evento con nuestro stand como Partner en el ecosistema de STAUFEN. Tuvimos la oportunidad de presentar nuestras soluciones innovadoras en tecnolog\u00eda aplicada y transformaci\u00f3n digital, como nuestro software RTM Pro para la anal\u00edtica avanzada de datos en tiempo real. La respuesta y el inter\u00e9s que recibimos fueron abrumadores, reafirmando nuestra convicci\u00f3n de que estamos en el camino correcto para ayudar a las empresas a alcanzar la excelencia operacional.<\/p>\n<p>Inmaculada Navarro, nuestra experta en anal\u00edtica de datos, realiz\u00f3 varias presentaciones de <a style=\"color: #ec6064;\" href=\"https:\/\/applieditweb.com\/es\/rtm-pro\/\" target=\"_blank\" rel=\"noopener\">RTM Pro,<\/a> demostrando sus caracter\u00edsticas clave y c\u00f3mo puede revolucionar los procesos de producci\u00f3n mejorando los resultados de las empresas.<\/p>\n<p>La atm\u00f3sfera del evento fue extraordinaria. Los discursos de apertura inspiraron a la audiencia con ideas visionarias y la energ\u00eda en el sal\u00f3n era palpable. Durante las sesiones de trabajo, tuve la oportunidad de intercambiar ideas, establecer contactos valiosos y observar la formaci\u00f3n de nuevas alianzas. Fue especialmente enriquecedor ver a los asistentes aprender y aplicar las mejores pr\u00e1cticas de diversas industrias.<\/p>\n<p>Quiero agradecer a <a style=\"color: #ec6064;\" href=\"https:\/\/en.staufen.ag\/\" target=\"_blank\" rel=\"noopener\">STAUFEN<\/a> por la impecable organizaci\u00f3n del Best Practice Day y a todos los participantes por sus valiosas contribuciones. Un agradecimiento especial a Wilhelm Goschy, CEO de STAUFEN, por invitarnos un a\u00f1o m\u00e1s y a su equipo encargado del evento: Stephanie K\u00f6nig, Messerle Margret y Janice Koeser. Tambi\u00e9n agradezco a nuestro sponsor <a style=\"color: #ec6064;\" href=\"https:\/\/www.fath24.com\/\" target=\"_blank\" rel=\"noopener\">FATH,<\/a> cuyo apoyo ha sido clave para presentar nuestras soluciones de manera interactiva y efectiva.<\/p>\n<p>Estoy entusiasmado por las oportunidades que se avecinan y espero seguir trabajando juntos para llevar la industria a nuevos niveles de excelencia.<\/p>\n<\/div><div class=\"fusion-image-element \" style=\"text-align:center;--awb-margin-top:30px;--awb-margin-bottom:30px;--awb-caption-title-font-family:var(--h2_typography-font-family);--awb-caption-title-font-weight:var(--h2_typography-font-weight);--awb-caption-title-font-style:var(--h2_typography-font-style);--awb-caption-title-size:var(--h2_typography-font-size);--awb-caption-title-transform:var(--h2_typography-text-transform);--awb-caption-title-line-height:var(--h2_typography-line-height);--awb-caption-title-letter-spacing:var(--h2_typography-letter-spacing);\"><span class=\" fusion-imageframe imageframe-none imageframe-2 hover-type-none\"><img decoding=\"async\" width=\"640\" height=\"480\" title=\"staufen-2\" src=\"https:\/\/applieditweb.com\/wp-content\/uploads\/2024\/07\/staufen-2.jpg\" data-orig-src=\"https:\/\/applieditweb.com\/wp-content\/uploads\/2024\/07\/staufen-2.jpg\" alt class=\"lazyload img-responsive wp-image-32069\" srcset=\"data:image\/svg+xml,%3Csvg%20xmlns%3D%27http%3A%2F%2Fwww.w3.org%2F2000%2Fsvg%27%20width%3D%27640%27%20height%3D%27480%27%20viewBox%3D%270%200%20640%20480%27%3E%3Crect%20width%3D%27640%27%20height%3D%27480%27%20fill-opacity%3D%220%22%2F%3E%3C%2Fsvg%3E\" data-srcset=\"https:\/\/applieditweb.com\/wp-content\/uploads\/2024\/07\/staufen-2-200x150.jpg 200w, https:\/\/applieditweb.com\/wp-content\/uploads\/2024\/07\/staufen-2-400x300.jpg 400w, https:\/\/applieditweb.com\/wp-content\/uploads\/2024\/07\/staufen-2-600x450.jpg 600w, https:\/\/applieditweb.com\/wp-content\/uploads\/2024\/07\/staufen-2.jpg 640w\" data-sizes=\"auto\" data-orig-sizes=\"(max-width: 640px) 100vw, 640px\" \/><\/span><\/div><\/div><\/div><\/div><\/div><\/p>\n","protected":false},"excerpt":{"rendered":"","protected":false},"author":19,"featured_media":32062,"comment_status":"closed","ping_status":"open","sticky":false,"template":"","format":"standard","meta":{"_acf_changed":false,"footnotes":""},"categories":[239],"tags":[],"class_list":["post-32078","post","type-post","status-publish","format-standard","has-post-thumbnail","hentry","category-sin-categorizar"],"acf":[],"yoast_head":"<!-- This site is optimized with the Yoast SEO plugin v26.1 - https:\/\/yoast.com\/wordpress\/plugins\/seo\/ -->\n<title>Best Practice Day 2024: Innovaci\u00f3n y Excelencia Operacional - AppliediT<\/title>\n<meta name=\"description\" content=\"Esta semana tuve el privilegio de asistir con mi compa\u00f1era Inmaculada Navarro al Best Practice Day 2024, organizado por la consultora STAUFEN. Este evento se ha consolidado como un referente en excelencia operativa.\" \/>\n<meta name=\"robots\" content=\"index, follow, max-snippet:-1, max-image-preview:large, max-video-preview:-1\" \/>\n<link rel=\"canonical\" href=\"https:\/\/applieditweb.com\/es\/reflexiones-sobre-el-best-practice-day-2024-innovacion-y-excelencia-operacional\/\" \/>\n<meta property=\"og:locale\" content=\"es_ES\" \/>\n<meta property=\"og:type\" content=\"article\" \/>\n<meta property=\"og:title\" content=\"Reflexiones sobre el Best Practice Day 2024: Innovaci\u00f3n y Excelencia Operacional\" \/>\n<meta property=\"og:description\" content=\"Esta semana tuve el privilegio de asistir con mi compa\u00f1era Inmaculada Navarro al Best Practice Day 2024, organizado por la consultora STAUFEN. Este evento se ha consolidado como un referente en excelencia operativa.\" \/>\n<meta property=\"og:url\" content=\"https:\/\/applieditweb.com\/es\/reflexiones-sobre-el-best-practice-day-2024-innovacion-y-excelencia-operacional\/\" \/>\n<meta property=\"og:site_name\" content=\"AppliediT\" \/>\n<meta property=\"article:published_time\" content=\"2024-07-04T06:00:43+00:00\" \/>\n<meta property=\"article:modified_time\" content=\"2024-07-04T12:00:50+00:00\" \/>\n<meta property=\"og:image\" content=\"https:\/\/applieditweb.com\/wp-content\/uploads\/2024\/07\/ES-Hero-post-socialmedia.jpg\" \/>\n\t<meta property=\"og:image:width\" content=\"1920\" \/>\n\t<meta property=\"og:image:height\" content=\"1080\" \/>\n\t<meta property=\"og:image:type\" content=\"image\/jpeg\" \/>\n<meta name=\"author\" content=\"Nacho Qui\u00f1onero\" \/>\n<meta name=\"twitter:card\" content=\"summary_large_image\" \/>\n<meta name=\"twitter:title\" content=\"Reflexiones sobre el Best Practice Day 2024: Innovaci\u00f3n y Excelencia Operacional\" \/>\n<meta name=\"twitter:description\" content=\"Esta semana tuve el privilegio de asistir con mi compa\u00f1era Inmaculada Navarro al Best Practice Day 2024, organizado por la consultora STAUFEN. Este evento se ha consolidado como un referente en excelencia operativa.\" \/>\n<meta name=\"twitter:image\" content=\"https:\/\/applieditweb.com\/wp-content\/uploads\/2024\/07\/ES-Hero-post-socialmedia.jpg\" \/>\n<meta name=\"twitter:creator\" content=\"@AppliediT_es\" \/>\n<meta name=\"twitter:site\" content=\"@AppliediT_es\" \/>\n<meta name=\"twitter:label1\" content=\"Escrito por\" \/>\n\t<meta name=\"twitter:data1\" content=\"Nacho Qui\u00f1onero\" \/>\n\t<meta name=\"twitter:label2\" content=\"Tiempo de lectura\" \/>\n\t<meta name=\"twitter:data2\" content=\"3 minutos\" \/>\n<script type=\"application\/ld+json\" class=\"yoast-schema-graph\">{\"@context\":\"https:\/\/schema.org\",\"@graph\":[{\"@type\":\"Article\",\"@id\":\"https:\/\/applieditweb.com\/es\/reflexiones-sobre-el-best-practice-day-2024-innovacion-y-excelencia-operacional\/#article\",\"isPartOf\":{\"@id\":\"https:\/\/applieditweb.com\/es\/reflexiones-sobre-el-best-practice-day-2024-innovacion-y-excelencia-operacional\/\"},\"author\":{\"name\":\"Nacho Qui\u00f1onero\",\"@id\":\"https:\/\/applieditweb.com\/es\/#\/schema\/person\/9299b071bd5a322fa56967e375c2d744\"},\"headline\":\"Best Practice Day 2024: Innovaci\u00f3n y Excelencia Operacional\",\"datePublished\":\"2024-07-04T06:00:43+00:00\",\"dateModified\":\"2024-07-04T12:00:50+00:00\",\"mainEntityOfPage\":{\"@id\":\"https:\/\/applieditweb.com\/es\/reflexiones-sobre-el-best-practice-day-2024-innovacion-y-excelencia-operacional\/\"},\"wordCount\":2587,\"publisher\":{\"@id\":\"https:\/\/applieditweb.com\/es\/#organization\"},\"image\":{\"@id\":\"https:\/\/applieditweb.com\/es\/reflexiones-sobre-el-best-practice-day-2024-innovacion-y-excelencia-operacional\/#primaryimage\"},\"thumbnailUrl\":\"https:\/\/applieditweb.com\/wp-content\/uploads\/2024\/07\/Hero-post-Reflections-on-Best-Practice.jpg\",\"articleSection\":[\"Sin categorizar\"],\"inLanguage\":\"es\"},{\"@type\":\"WebPage\",\"@id\":\"https:\/\/applieditweb.com\/es\/reflexiones-sobre-el-best-practice-day-2024-innovacion-y-excelencia-operacional\/\",\"url\":\"https:\/\/applieditweb.com\/es\/reflexiones-sobre-el-best-practice-day-2024-innovacion-y-excelencia-operacional\/\",\"name\":\"Best Practice Day 2024: Innovaci\u00f3n y Excelencia Operacional - AppliediT\",\"isPartOf\":{\"@id\":\"https:\/\/applieditweb.com\/es\/#website\"},\"primaryImageOfPage\":{\"@id\":\"https:\/\/applieditweb.com\/es\/reflexiones-sobre-el-best-practice-day-2024-innovacion-y-excelencia-operacional\/#primaryimage\"},\"image\":{\"@id\":\"https:\/\/applieditweb.com\/es\/reflexiones-sobre-el-best-practice-day-2024-innovacion-y-excelencia-operacional\/#primaryimage\"},\"thumbnailUrl\":\"https:\/\/applieditweb.com\/wp-content\/uploads\/2024\/07\/Hero-post-Reflections-on-Best-Practice.jpg\",\"datePublished\":\"2024-07-04T06:00:43+00:00\",\"dateModified\":\"2024-07-04T12:00:50+00:00\",\"description\":\"Esta semana tuve el privilegio de asistir con mi compa\u00f1era Inmaculada Navarro al Best Practice Day 2024, organizado por la consultora STAUFEN. Este evento se ha consolidado como un referente en excelencia operativa.\",\"breadcrumb\":{\"@id\":\"https:\/\/applieditweb.com\/es\/reflexiones-sobre-el-best-practice-day-2024-innovacion-y-excelencia-operacional\/#breadcrumb\"},\"inLanguage\":\"es\",\"potentialAction\":[{\"@type\":\"ReadAction\",\"target\":[\"https:\/\/applieditweb.com\/es\/reflexiones-sobre-el-best-practice-day-2024-innovacion-y-excelencia-operacional\/\"]}]},{\"@type\":\"ImageObject\",\"inLanguage\":\"es\",\"@id\":\"https:\/\/applieditweb.com\/es\/reflexiones-sobre-el-best-practice-day-2024-innovacion-y-excelencia-operacional\/#primaryimage\",\"url\":\"https:\/\/applieditweb.com\/wp-content\/uploads\/2024\/07\/Hero-post-Reflections-on-Best-Practice.jpg\",\"contentUrl\":\"https:\/\/applieditweb.com\/wp-content\/uploads\/2024\/07\/Hero-post-Reflections-on-Best-Practice.jpg\",\"width\":1920,\"height\":1080},{\"@type\":\"BreadcrumbList\",\"@id\":\"https:\/\/applieditweb.com\/es\/reflexiones-sobre-el-best-practice-day-2024-innovacion-y-excelencia-operacional\/#breadcrumb\",\"itemListElement\":[{\"@type\":\"ListItem\",\"position\":1,\"name\":\"Home\",\"item\":\"https:\/\/applieditweb.com\/es\/\"},{\"@type\":\"ListItem\",\"position\":2,\"name\":\"Best Practice Day 2024: Innovaci\u00f3n y Excelencia Operacional\"}]},{\"@type\":\"WebSite\",\"@id\":\"https:\/\/applieditweb.com\/es\/#website\",\"url\":\"https:\/\/applieditweb.com\/es\/\",\"name\":\"appplieditweb.com\",\"description\":\"Capitalizing on Data\",\"publisher\":{\"@id\":\"https:\/\/applieditweb.com\/es\/#organization\"},\"potentialAction\":[{\"@type\":\"SearchAction\",\"target\":{\"@type\":\"EntryPoint\",\"urlTemplate\":\"https:\/\/applieditweb.com\/es\/?s={search_term_string}\"},\"query-input\":{\"@type\":\"PropertyValueSpecification\",\"valueRequired\":true,\"valueName\":\"search_term_string\"}}],\"inLanguage\":\"es\"},{\"@type\":\"Organization\",\"@id\":\"https:\/\/applieditweb.com\/es\/#organization\",\"name\":\"appplieditweb.com\",\"url\":\"https:\/\/applieditweb.com\/es\/\",\"logo\":{\"@type\":\"ImageObject\",\"inLanguage\":\"es\",\"@id\":\"https:\/\/applieditweb.com\/es\/#\/schema\/logo\/image\/\",\"url\":\"https:\/\/applieditweb.com\/wp-content\/uploads\/2022\/12\/appliedit-footer.webp\",\"contentUrl\":\"https:\/\/applieditweb.com\/wp-content\/uploads\/2022\/12\/appliedit-footer.webp\",\"width\":206,\"height\":60,\"caption\":\"appplieditweb.com\"},\"image\":{\"@id\":\"https:\/\/applieditweb.com\/es\/#\/schema\/logo\/image\/\"},\"sameAs\":[\"https:\/\/x.com\/AppliediT_es\",\"https:\/\/www.youtube.com\/@AppliediT\",\"https:\/\/www.instagram.com\/appliedit_es\/\"]},{\"@type\":\"Person\",\"@id\":\"https:\/\/applieditweb.com\/es\/#\/schema\/person\/9299b071bd5a322fa56967e375c2d744\",\"name\":\"Nacho Qui\u00f1onero\",\"image\":{\"@type\":\"ImageObject\",\"inLanguage\":\"es\",\"@id\":\"https:\/\/applieditweb.com\/es\/#\/schema\/person\/image\/\",\"url\":\"https:\/\/applieditweb.com\/wp-content\/uploads\/2024\/04\/Nacho-Quinonero-1-150x150.png\",\"contentUrl\":\"https:\/\/applieditweb.com\/wp-content\/uploads\/2024\/04\/Nacho-Quinonero-1-150x150.png\",\"caption\":\"Nacho Qui\u00f1onero\"},\"description\":\"Managing Director\"}]}<\/script>\n<!-- \/ Yoast SEO plugin. -->","yoast_head_json":{"title":"Best Practice Day 2024: Innovaci\u00f3n y Excelencia Operacional - AppliediT","description":"Esta semana tuve el privilegio de asistir con mi compa\u00f1era Inmaculada Navarro al Best Practice Day 2024, organizado por la consultora STAUFEN. Este evento se ha consolidado como un referente en excelencia operativa.","robots":{"index":"index","follow":"follow","max-snippet":"max-snippet:-1","max-image-preview":"max-image-preview:large","max-video-preview":"max-video-preview:-1"},"canonical":"https:\/\/applieditweb.com\/es\/reflexiones-sobre-el-best-practice-day-2024-innovacion-y-excelencia-operacional\/","og_locale":"es_ES","og_type":"article","og_title":"Reflexiones sobre el Best Practice Day 2024: Innovaci\u00f3n y Excelencia Operacional","og_description":"Esta semana tuve el privilegio de asistir con mi compa\u00f1era Inmaculada Navarro al Best Practice Day 2024, organizado por la consultora STAUFEN. Este evento se ha consolidado como un referente en excelencia operativa.","og_url":"https:\/\/applieditweb.com\/es\/reflexiones-sobre-el-best-practice-day-2024-innovacion-y-excelencia-operacional\/","og_site_name":"AppliediT","article_published_time":"2024-07-04T06:00:43+00:00","article_modified_time":"2024-07-04T12:00:50+00:00","og_image":[{"width":1920,"height":1080,"url":"https:\/\/applieditweb.com\/wp-content\/uploads\/2024\/07\/ES-Hero-post-socialmedia.jpg","type":"image\/jpeg"}],"author":"Nacho Qui\u00f1onero","twitter_card":"summary_large_image","twitter_title":"Reflexiones sobre el Best Practice Day 2024: Innovaci\u00f3n y Excelencia Operacional","twitter_description":"Esta semana tuve el privilegio de asistir con mi compa\u00f1era Inmaculada Navarro al Best Practice Day 2024, organizado por la consultora STAUFEN. Este evento se ha consolidado como un referente en excelencia operativa.","twitter_image":"https:\/\/applieditweb.com\/wp-content\/uploads\/2024\/07\/ES-Hero-post-socialmedia.jpg","twitter_creator":"@AppliediT_es","twitter_site":"@AppliediT_es","twitter_misc":{"Escrito por":"Nacho Qui\u00f1onero","Tiempo de lectura":"3 minutos"},"schema":{"@context":"https:\/\/schema.org","@graph":[{"@type":"Article","@id":"https:\/\/applieditweb.com\/es\/reflexiones-sobre-el-best-practice-day-2024-innovacion-y-excelencia-operacional\/#article","isPartOf":{"@id":"https:\/\/applieditweb.com\/es\/reflexiones-sobre-el-best-practice-day-2024-innovacion-y-excelencia-operacional\/"},"author":{"name":"Nacho Qui\u00f1onero","@id":"https:\/\/applieditweb.com\/es\/#\/schema\/person\/9299b071bd5a322fa56967e375c2d744"},"headline":"Best Practice Day 2024: Innovaci\u00f3n y Excelencia Operacional","datePublished":"2024-07-04T06:00:43+00:00","dateModified":"2024-07-04T12:00:50+00:00","mainEntityOfPage":{"@id":"https:\/\/applieditweb.com\/es\/reflexiones-sobre-el-best-practice-day-2024-innovacion-y-excelencia-operacional\/"},"wordCount":2587,"publisher":{"@id":"https:\/\/applieditweb.com\/es\/#organization"},"image":{"@id":"https:\/\/applieditweb.com\/es\/reflexiones-sobre-el-best-practice-day-2024-innovacion-y-excelencia-operacional\/#primaryimage"},"thumbnailUrl":"https:\/\/applieditweb.com\/wp-content\/uploads\/2024\/07\/Hero-post-Reflections-on-Best-Practice.jpg","articleSection":["Sin categorizar"],"inLanguage":"es"},{"@type":"WebPage","@id":"https:\/\/applieditweb.com\/es\/reflexiones-sobre-el-best-practice-day-2024-innovacion-y-excelencia-operacional\/","url":"https:\/\/applieditweb.com\/es\/reflexiones-sobre-el-best-practice-day-2024-innovacion-y-excelencia-operacional\/","name":"Best Practice Day 2024: Innovaci\u00f3n y Excelencia Operacional - AppliediT","isPartOf":{"@id":"https:\/\/applieditweb.com\/es\/#website"},"primaryImageOfPage":{"@id":"https:\/\/applieditweb.com\/es\/reflexiones-sobre-el-best-practice-day-2024-innovacion-y-excelencia-operacional\/#primaryimage"},"image":{"@id":"https:\/\/applieditweb.com\/es\/reflexiones-sobre-el-best-practice-day-2024-innovacion-y-excelencia-operacional\/#primaryimage"},"thumbnailUrl":"https:\/\/applieditweb.com\/wp-content\/uploads\/2024\/07\/Hero-post-Reflections-on-Best-Practice.jpg","datePublished":"2024-07-04T06:00:43+00:00","dateModified":"2024-07-04T12:00:50+00:00","description":"Esta semana tuve el privilegio de asistir con mi compa\u00f1era Inmaculada Navarro al Best Practice Day 2024, organizado por la consultora STAUFEN. Este evento se ha consolidado como un referente en excelencia operativa.","breadcrumb":{"@id":"https:\/\/applieditweb.com\/es\/reflexiones-sobre-el-best-practice-day-2024-innovacion-y-excelencia-operacional\/#breadcrumb"},"inLanguage":"es","potentialAction":[{"@type":"ReadAction","target":["https:\/\/applieditweb.com\/es\/reflexiones-sobre-el-best-practice-day-2024-innovacion-y-excelencia-operacional\/"]}]},{"@type":"ImageObject","inLanguage":"es","@id":"https:\/\/applieditweb.com\/es\/reflexiones-sobre-el-best-practice-day-2024-innovacion-y-excelencia-operacional\/#primaryimage","url":"https:\/\/applieditweb.com\/wp-content\/uploads\/2024\/07\/Hero-post-Reflections-on-Best-Practice.jpg","contentUrl":"https:\/\/applieditweb.com\/wp-content\/uploads\/2024\/07\/Hero-post-Reflections-on-Best-Practice.jpg","width":1920,"height":1080},{"@type":"BreadcrumbList","@id":"https:\/\/applieditweb.com\/es\/reflexiones-sobre-el-best-practice-day-2024-innovacion-y-excelencia-operacional\/#breadcrumb","itemListElement":[{"@type":"ListItem","position":1,"name":"Home","item":"https:\/\/applieditweb.com\/es\/"},{"@type":"ListItem","position":2,"name":"Best Practice Day 2024: Innovaci\u00f3n y Excelencia Operacional"}]},{"@type":"WebSite","@id":"https:\/\/applieditweb.com\/es\/#website","url":"https:\/\/applieditweb.com\/es\/","name":"appplieditweb.com","description":"Capitalizing on Data","publisher":{"@id":"https:\/\/applieditweb.com\/es\/#organization"},"potentialAction":[{"@type":"SearchAction","target":{"@type":"EntryPoint","urlTemplate":"https:\/\/applieditweb.com\/es\/?s={search_term_string}"},"query-input":{"@type":"PropertyValueSpecification","valueRequired":true,"valueName":"search_term_string"}}],"inLanguage":"es"},{"@type":"Organization","@id":"https:\/\/applieditweb.com\/es\/#organization","name":"appplieditweb.com","url":"https:\/\/applieditweb.com\/es\/","logo":{"@type":"ImageObject","inLanguage":"es","@id":"https:\/\/applieditweb.com\/es\/#\/schema\/logo\/image\/","url":"https:\/\/applieditweb.com\/wp-content\/uploads\/2022\/12\/appliedit-footer.webp","contentUrl":"https:\/\/applieditweb.com\/wp-content\/uploads\/2022\/12\/appliedit-footer.webp","width":206,"height":60,"caption":"appplieditweb.com"},"image":{"@id":"https:\/\/applieditweb.com\/es\/#\/schema\/logo\/image\/"},"sameAs":["https:\/\/x.com\/AppliediT_es","https:\/\/www.youtube.com\/@AppliediT","https:\/\/www.instagram.com\/appliedit_es\/"]},{"@type":"Person","@id":"https:\/\/applieditweb.com\/es\/#\/schema\/person\/9299b071bd5a322fa56967e375c2d744","name":"Nacho Qui\u00f1onero","image":{"@type":"ImageObject","inLanguage":"es","@id":"https:\/\/applieditweb.com\/es\/#\/schema\/person\/image\/","url":"https:\/\/applieditweb.com\/wp-content\/uploads\/2024\/04\/Nacho-Quinonero-1-150x150.png","contentUrl":"https:\/\/applieditweb.com\/wp-content\/uploads\/2024\/04\/Nacho-Quinonero-1-150x150.png","caption":"Nacho Qui\u00f1onero"},"description":"Managing Director"}]}},"_links":{"self":[{"href":"https:\/\/applieditweb.com\/es\/wp-json\/wp\/v2\/posts\/32078","targetHints":{"allow":["GET"]}}],"collection":[{"href":"https:\/\/applieditweb.com\/es\/wp-json\/wp\/v2\/posts"}],"about":[{"href":"https:\/\/applieditweb.com\/es\/wp-json\/wp\/v2\/types\/post"}],"author":[{"embeddable":true,"href":"https:\/\/applieditweb.com\/es\/wp-json\/wp\/v2\/users\/19"}],"replies":[{"embeddable":true,"href":"https:\/\/applieditweb.com\/es\/wp-json\/wp\/v2\/comments?post=32078"}],"version-history":[{"count":3,"href":"https:\/\/applieditweb.com\/es\/wp-json\/wp\/v2\/posts\/32078\/revisions"}],"predecessor-version":[{"id":32107,"href":"https:\/\/applieditweb.com\/es\/wp-json\/wp\/v2\/posts\/32078\/revisions\/32107"}],"wp:featuredmedia":[{"embeddable":true,"href":"https:\/\/applieditweb.com\/es\/wp-json\/wp\/v2\/media\/32062"}],"wp:attachment":[{"href":"https:\/\/applieditweb.com\/es\/wp-json\/wp\/v2\/media?parent=32078"}],"wp:term":[{"taxonomy":"category","embeddable":true,"href":"https:\/\/applieditweb.com\/es\/wp-json\/wp\/v2\/categories?post=32078"},{"taxonomy":"post_tag","embeddable":true,"href":"https:\/\/applieditweb.com\/es\/wp-json\/wp\/v2\/tags?post=32078"}],"curies":[{"name":"wp","href":"https:\/\/api.w.org\/{rel}","templated":true}]}}