{"id":30812,"date":"2024-04-12T08:09:06","date_gmt":"2024-04-12T06:09:06","guid":{"rendered":"https:\/\/applieditweb.com\/?p=30812"},"modified":"2024-04-12T08:28:26","modified_gmt":"2024-04-12T06:28:26","slug":"priorizar-la-salud-en-el-proceso-de-fabricacion-una-perspectiva-de-analisis-de-personas","status":"publish","type":"post","link":"https:\/\/applieditweb.com\/es\/priorizar-la-salud-en-el-proceso-de-fabricacion-una-perspectiva-de-analisis-de-personas\/","title":{"rendered":"Priorizar la salud en el proceso de fabricaci\u00f3n: una perspectiva de an\u00e1lisis de personas"},"content":{"rendered":"<p><div class=\"fusion-fullwidth fullwidth-box fusion-builder-row-1 fusion-flex-container has-pattern-background has-mask-background nonhundred-percent-fullwidth non-hundred-percent-height-scrolling\" style=\"--awb-border-radius-top-left:0px;--awb-border-radius-top-right:0px;--awb-border-radius-bottom-right:0px;--awb-border-radius-bottom-left:0px;--awb-padding-right:240px;--awb-padding-left:248px;--awb-padding-right-medium:0px;--awb-padding-left-medium:0px;--awb-padding-right-small:0px;--awb-padding-left-small:0px;--awb-margin-bottom:20px;--awb-flex-wrap:wrap;\" ><div class=\"fusion-builder-row fusion-row fusion-flex-align-items-flex-start fusion-flex-content-wrap\" style=\"max-width:1179.36px;margin-left: calc(-4% \/ 2 );margin-right: calc(-4% \/ 2 );\"><div class=\"fusion-layout-column fusion_builder_column fusion-builder-column-0 fusion_builder_column_1_1 1_1 fusion-flex-column\" style=\"--awb-padding-right-medium:10px;--awb-padding-left-medium:10px;--awb-padding-right-small:10px;--awb-padding-left-small:10px;--awb-bg-size:cover;--awb-width-large:100%;--awb-margin-top-large:0px;--awb-spacing-right-large:0%;--awb-margin-bottom-large:0px;--awb-spacing-left-large:1.44%;--awb-width-medium:100%;--awb-order-medium:0;--awb-spacing-right-medium:0%;--awb-spacing-left-medium:1.44%;--awb-width-small:100%;--awb-order-small:0;--awb-spacing-right-small:1.92%;--awb-spacing-left-small:1.92%;\"><div class=\"fusion-column-wrapper fusion-column-has-shadow fusion-flex-justify-content-flex-start fusion-content-layout-column\"><div class=\"fusion-text fusion-text-1\" style=\"--awb-font-size:21px;--awb-line-height:26.46px;--awb-text-color:#d9d9d9;--awb-text-font-family:&quot;Outfit&quot;;--awb-text-font-style:normal;--awb-text-font-weight:400;\"><p>En Applied IT, reconocemos la importancia fundamental de la salud de los empleados en todos los aspectos de nuestras operaciones. En honor al reciente D\u00eda Mundial de la Salud, es crucial reflexionar sobre c\u00f3mo la salud de nuestros equipos impacta directamente en nuestros procesos de fabricaci\u00f3n. Desde el an\u00e1lisis de datos de personas hasta la implementaci\u00f3n de medidas proactivas, estamos comprometidos a optimizar la salud y el bienestar en el lugar de trabajo.<\/p>\n<\/div><div class=\"fusion-image-element \" style=\"text-align:center;--awb-caption-title-font-family:var(--h2_typography-font-family);--awb-caption-title-font-weight:var(--h2_typography-font-weight);--awb-caption-title-font-style:var(--h2_typography-font-style);--awb-caption-title-size:var(--h2_typography-font-size);--awb-caption-title-transform:var(--h2_typography-text-transform);--awb-caption-title-line-height:var(--h2_typography-line-height);--awb-caption-title-letter-spacing:var(--h2_typography-letter-spacing);\"><span class=\" fusion-imageframe imageframe-none imageframe-1 hover-type-none\"><img decoding=\"async\" width=\"640\" height=\"400\" title=\"photo-post-prioritizing-health-1\" src=\"https:\/\/applieditweb.com\/wp-content\/uploads\/2024\/04\/photo-post-prioritizing-health-1.jpg\" data-orig-src=\"https:\/\/applieditweb.com\/wp-content\/uploads\/2024\/04\/photo-post-prioritizing-health-1.jpg\" alt class=\"lazyload img-responsive wp-image-30802\" srcset=\"data:image\/svg+xml,%3Csvg%20xmlns%3D%27http%3A%2F%2Fwww.w3.org%2F2000%2Fsvg%27%20width%3D%27640%27%20height%3D%27400%27%20viewBox%3D%270%200%20640%20400%27%3E%3Crect%20width%3D%27640%27%20height%3D%27400%27%20fill-opacity%3D%220%22%2F%3E%3C%2Fsvg%3E\" data-srcset=\"https:\/\/applieditweb.com\/wp-content\/uploads\/2024\/04\/photo-post-prioritizing-health-1-200x125.jpg 200w, https:\/\/applieditweb.com\/wp-content\/uploads\/2024\/04\/photo-post-prioritizing-health-1-400x250.jpg 400w, https:\/\/applieditweb.com\/wp-content\/uploads\/2024\/04\/photo-post-prioritizing-health-1-600x375.jpg 600w, https:\/\/applieditweb.com\/wp-content\/uploads\/2024\/04\/photo-post-prioritizing-health-1.jpg 640w\" data-sizes=\"auto\" data-orig-sizes=\"(max-width: 640px) 100vw, 640px\" \/><\/span><\/div><\/div><\/div><\/div><\/div><div class=\"fusion-fullwidth fullwidth-box fusion-builder-row-2 fusion-flex-container has-pattern-background has-mask-background nonhundred-percent-fullwidth non-hundred-percent-height-scrolling\" style=\"--awb-border-radius-top-left:0px;--awb-border-radius-top-right:0px;--awb-border-radius-bottom-right:0px;--awb-border-radius-bottom-left:0px;--awb-padding-right:240px;--awb-padding-left:248px;--awb-padding-right-medium:0px;--awb-padding-left-medium:0px;--awb-padding-right-small:0px;--awb-padding-left-small:0px;--awb-margin-top:60px;--awb-margin-bottom:40px;--awb-flex-wrap:wrap;\" ><div class=\"fusion-builder-row fusion-row fusion-flex-align-items-flex-start fusion-flex-content-wrap\" style=\"max-width:1179.36px;margin-left: calc(-4% \/ 2 );margin-right: calc(-4% \/ 2 );\"><div class=\"fusion-layout-column fusion_builder_column fusion-builder-column-1 fusion_builder_column_1_1 1_1 fusion-flex-column\" style=\"--awb-padding-right-medium:10px;--awb-padding-left-medium:10px;--awb-padding-right-small:10px;--awb-padding-left-small:10px;--awb-bg-size:cover;--awb-width-large:100%;--awb-margin-top-large:0px;--awb-spacing-right-large:0%;--awb-margin-bottom-large:0px;--awb-spacing-left-large:1.44%;--awb-width-medium:100%;--awb-order-medium:0;--awb-spacing-right-medium:0%;--awb-spacing-left-medium:1.44%;--awb-width-small:100%;--awb-order-small:0;--awb-spacing-right-small:1.92%;--awb-spacing-left-small:1.92%;\"><div class=\"fusion-column-wrapper fusion-column-has-shadow fusion-flex-justify-content-flex-start fusion-content-layout-column\"><div class=\"fusion-text fusion-text-2\" style=\"--awb-font-size:16px;--awb-line-height:20.46px;--awb-text-color:#d9d9d9;--awb-text-font-family:&quot;Outfit&quot;;--awb-text-font-style:normal;--awb-text-font-weight:400;\"><h3 class=\"h3-post\">Impacto de la salud en la eficiencia manufacturera<\/h3>\n<p>La salud de los empleados juega un papel importante en la eficiencia y calidad de nuestros procesos de fabricaci\u00f3n. A continuaci\u00f3n se muestran algunas formas en que la salud puede influir:<\/p>\n<ol>\n<li><strong style=\"color: #fff;\">Productividad y ausentismo:<\/strong> Los empleados sanos tienden a ser m\u00e1s productivos y tener menos ausencias, lo que resulta en una mayor continuidad en la cadena de producci\u00f3n.<\/li>\n<li><strong style=\"color: #fff;\">Seguridad en el lugar de trabajo:<\/strong> La fatiga, el estr\u00e9s y otros problemas de salud pueden aumentar el riesgo de accidentes en el lugar de trabajo, lo que puede interrumpir la producci\u00f3n e generar costos adicionales.<\/li>\n<li><strong style=\"color: #fff;\">Calidad del producto:<\/strong> Una mejor atenci\u00f3n y concentraci\u00f3n por parte de empleados sanos puede contribuir a una mayor calidad en los productos fabricados.<\/li>\n<\/ol>\n<\/div><div class=\"fusion-image-element \" style=\"text-align:center;--awb-margin-top:30px;--awb-margin-bottom:30px;--awb-caption-title-font-family:var(--h2_typography-font-family);--awb-caption-title-font-weight:var(--h2_typography-font-weight);--awb-caption-title-font-style:var(--h2_typography-font-style);--awb-caption-title-size:var(--h2_typography-font-size);--awb-caption-title-transform:var(--h2_typography-text-transform);--awb-caption-title-line-height:var(--h2_typography-line-height);--awb-caption-title-letter-spacing:var(--h2_typography-letter-spacing);\"><span class=\" fusion-imageframe imageframe-none imageframe-2 hover-type-none\"><img decoding=\"async\" width=\"640\" height=\"400\" title=\"photo-post-prioritizing-health-2\" src=\"https:\/\/applieditweb.com\/wp-content\/uploads\/2024\/04\/photo-post-prioritizing-health-2.jpg\" data-orig-src=\"https:\/\/applieditweb.com\/wp-content\/uploads\/2024\/04\/photo-post-prioritizing-health-2.jpg\" alt class=\"lazyload img-responsive wp-image-30805\" srcset=\"data:image\/svg+xml,%3Csvg%20xmlns%3D%27http%3A%2F%2Fwww.w3.org%2F2000%2Fsvg%27%20width%3D%27640%27%20height%3D%27400%27%20viewBox%3D%270%200%20640%20400%27%3E%3Crect%20width%3D%27640%27%20height%3D%27400%27%20fill-opacity%3D%220%22%2F%3E%3C%2Fsvg%3E\" data-srcset=\"https:\/\/applieditweb.com\/wp-content\/uploads\/2024\/04\/photo-post-prioritizing-health-2-200x125.jpg 200w, https:\/\/applieditweb.com\/wp-content\/uploads\/2024\/04\/photo-post-prioritizing-health-2-400x250.jpg 400w, https:\/\/applieditweb.com\/wp-content\/uploads\/2024\/04\/photo-post-prioritizing-health-2-600x375.jpg 600w, https:\/\/applieditweb.com\/wp-content\/uploads\/2024\/04\/photo-post-prioritizing-health-2.jpg 640w\" data-sizes=\"auto\" data-orig-sizes=\"(max-width: 640px) 100vw, 640px\" \/><\/span><\/div><div class=\"fusion-text fusion-text-3\" style=\"--awb-font-size:16px;--awb-line-height:20.46px;--awb-text-color:#d9d9d9;--awb-text-font-family:&quot;Outfit&quot;;--awb-text-font-style:normal;--awb-text-font-weight:400;\"><h3 class=\"h3-post\">Recomendaciones para mejorar la salud en el proceso de fabricaci\u00f3n<\/h3>\n<p>Bas\u00e1ndonos en los principios de People Analytics y nuestra experiencia en gesti\u00f3n empresarial, a continuaci\u00f3n presentamos algunas recomendaciones clave para promover la salud de los empleados en el proceso de fabricaci\u00f3n:<\/p>\n<ol>\n<li><strong style=\"color: #fff;\">Implementar programas de bienestar:<\/strong> Desarrollar e implementar programas integrales de bienestar que incluyan actividades f\u00edsicas, atenci\u00f3n m\u00e9dica preventiva, asesoramiento nutricional y manejo del estr\u00e9s.<\/li>\n<li><strong style=\"color: #fff;\">Monitoreo de datos de salud:<\/strong> Utilice herramientas de People Analytics para recopilar y analizar datos relacionados con la salud de los empleados, lo que permitir\u00e1 identificar tendencias y \u00e1reas de mejora.<\/li>\n<li><strong style=\"color: #fff;\">Promover un ambiente de trabajo saludable:<\/strong> Fomentar una cultura corporativa que valore el equilibrio entre la vida personal y laboral y proporcione un ambiente de trabajo seguro y ergon\u00f3mico.<\/li>\n<li><strong style=\"color: #fff;\">Formaci\u00f3n y Sensibilizaci\u00f3n:<\/strong> Impartir formaci\u00f3n peri\u00f3dica sobre seguridad y salud en el trabajo, as\u00ed como concienciaci\u00f3n sobre la importancia de h\u00e1bitos de vida saludables.<\/li>\n<\/ol>\n<p>En Applied IT, estamos comprometidos a optimizar la salud y el bienestar de nuestros empleados, reconociendo que una fuerza laboral saludable es fundamental para el \u00e9xito a largo plazo de nuestra empresa. Al priorizar la salud en nuestros procesos de fabricaci\u00f3n, no s\u00f3lo mejoramos la eficiencia y la calidad sino que tambi\u00e9n demostramos nuestro compromiso con el cuidado y desarrollo integral de nuestros empleados.<\/p>\n<\/div><\/div><\/div><\/div><\/div><\/p>\n","protected":false},"excerpt":{"rendered":"","protected":false},"author":2,"featured_media":30809,"comment_status":"closed","ping_status":"open","sticky":false,"template":"","format":"standard","meta":{"_acf_changed":false,"footnotes":""},"categories":[239],"tags":[],"class_list":["post-30812","post","type-post","status-publish","format-standard","has-post-thumbnail","hentry","category-sin-categorizar"],"acf":[],"yoast_head":"<!-- This site is optimized with the Yoast SEO plugin v26.1 - https:\/\/yoast.com\/wordpress\/plugins\/seo\/ -->\n<title>Priorizar la salud en el proceso de fabricaci\u00f3n: una perspectiva de an\u00e1lisis de personas - AppliediT<\/title>\n<meta name=\"description\" content=\"En Applied IT, reconocemos la importancia fundamental de la salud de los empleados en todos los aspectos de nuestras operaciones. En honor al reciente D\u00eda Mundial de la Salud, es crucial reflexionar sobre c\u00f3mo la salud de nuestros equipos impacta directamente en nuestros procesos de fabricaci\u00f3n. Desde el an\u00e1lisis de datos de personas hasta la implementaci\u00f3n de medidas proactivas, estamos comprometidos a optimizar la salud y el bienestar en el lugar de trabajo.\" \/>\n<meta name=\"robots\" content=\"index, follow, max-snippet:-1, max-image-preview:large, max-video-preview:-1\" \/>\n<link rel=\"canonical\" href=\"https:\/\/applieditweb.com\/es\/priorizar-la-salud-en-el-proceso-de-fabricacion-una-perspectiva-de-analisis-de-personas\/\" \/>\n<meta property=\"og:locale\" content=\"es_ES\" \/>\n<meta property=\"og:type\" content=\"article\" \/>\n<meta property=\"og:title\" content=\"Priorizar la salud en el proceso de fabricaci\u00f3n: una perspectiva de an\u00e1lisis de personas\" \/>\n<meta property=\"og:description\" content=\"En Applied IT, reconocemos la importancia fundamental de la salud de los empleados en todos los aspectos de nuestras operaciones. En honor al reciente D\u00eda Mundial de la Salud, es crucial reflexionar sobre c\u00f3mo la salud de nuestros equipos impacta directamente en nuestros procesos de fabricaci\u00f3n. Desde el an\u00e1lisis de datos de personas hasta la implementaci\u00f3n de medidas proactivas, estamos comprometidos a optimizar la salud y el bienestar en el lugar de trabajo.\" \/>\n<meta property=\"og:url\" content=\"https:\/\/applieditweb.com\/es\/priorizar-la-salud-en-el-proceso-de-fabricacion-una-perspectiva-de-analisis-de-personas\/\" \/>\n<meta property=\"og:site_name\" content=\"AppliediT\" \/>\n<meta property=\"article:published_time\" content=\"2024-04-12T06:09:06+00:00\" \/>\n<meta property=\"article:modified_time\" content=\"2024-04-12T06:28:26+00:00\" \/>\n<meta property=\"og:image\" content=\"https:\/\/applieditweb.com\/wp-content\/uploads\/2024\/04\/Thumbnail-post-prioritizing-health-min.jpg\" \/>\n\t<meta property=\"og:image:width\" content=\"1920\" \/>\n\t<meta property=\"og:image:height\" content=\"1080\" \/>\n\t<meta property=\"og:image:type\" content=\"image\/jpeg\" \/>\n<meta name=\"author\" content=\"Patrick Svensson\" \/>\n<meta name=\"twitter:card\" content=\"summary_large_image\" \/>\n<meta name=\"twitter:title\" content=\"Priorizar la salud en el proceso de fabricaci\u00f3n: una perspectiva de an\u00e1lisis de personas\" \/>\n<meta name=\"twitter:description\" content=\"En Applied IT, reconocemos la importancia fundamental de la salud de los empleados en todos los aspectos de nuestras operaciones. En honor al reciente D\u00eda Mundial de la Salud, es crucial reflexionar sobre c\u00f3mo la salud de nuestros equipos impacta directamente en nuestros procesos de fabricaci\u00f3n. Desde el an\u00e1lisis de datos de personas hasta la implementaci\u00f3n de medidas proactivas, estamos comprometidos a optimizar la salud y el bienestar en el lugar de trabajo.\" \/>\n<meta name=\"twitter:image\" content=\"https:\/\/applieditweb.com\/wp-content\/uploads\/2024\/04\/Thumbnail-post-prioritizing-health-min.jpg\" \/>\n<meta name=\"twitter:creator\" content=\"@Patrickusaf\" \/>\n<meta name=\"twitter:site\" content=\"@AppliediT_es\" \/>\n<meta name=\"twitter:label1\" content=\"Escrito por\" \/>\n\t<meta name=\"twitter:data1\" content=\"Patrick Svensson\" \/>\n\t<meta name=\"twitter:label2\" content=\"Tiempo de lectura\" \/>\n\t<meta name=\"twitter:data2\" content=\"3 minutos\" \/>\n<script type=\"application\/ld+json\" class=\"yoast-schema-graph\">{\"@context\":\"https:\/\/schema.org\",\"@graph\":[{\"@type\":\"Article\",\"@id\":\"https:\/\/applieditweb.com\/es\/priorizar-la-salud-en-el-proceso-de-fabricacion-una-perspectiva-de-analisis-de-personas\/#article\",\"isPartOf\":{\"@id\":\"https:\/\/applieditweb.com\/es\/priorizar-la-salud-en-el-proceso-de-fabricacion-una-perspectiva-de-analisis-de-personas\/\"},\"author\":{\"name\":\"Patrick Svensson\",\"@id\":\"https:\/\/applieditweb.com\/es\/#\/schema\/person\/3e275982e705f677ff48a6f13395848b\"},\"headline\":\"Priorizar la salud en el proceso de fabricaci\u00f3n: una perspectiva de an\u00e1lisis de personas\",\"datePublished\":\"2024-04-12T06:09:06+00:00\",\"dateModified\":\"2024-04-12T06:28:26+00:00\",\"mainEntityOfPage\":{\"@id\":\"https:\/\/applieditweb.com\/es\/priorizar-la-salud-en-el-proceso-de-fabricacion-una-perspectiva-de-analisis-de-personas\/\"},\"wordCount\":2739,\"publisher\":{\"@id\":\"https:\/\/applieditweb.com\/es\/#organization\"},\"image\":{\"@id\":\"https:\/\/applieditweb.com\/es\/priorizar-la-salud-en-el-proceso-de-fabricacion-una-perspectiva-de-analisis-de-personas\/#primaryimage\"},\"thumbnailUrl\":\"https:\/\/applieditweb.com\/wp-content\/uploads\/2024\/04\/Hero-post-prioritizing-health.jpg\",\"articleSection\":[\"Sin categorizar\"],\"inLanguage\":\"es\"},{\"@type\":\"WebPage\",\"@id\":\"https:\/\/applieditweb.com\/es\/priorizar-la-salud-en-el-proceso-de-fabricacion-una-perspectiva-de-analisis-de-personas\/\",\"url\":\"https:\/\/applieditweb.com\/es\/priorizar-la-salud-en-el-proceso-de-fabricacion-una-perspectiva-de-analisis-de-personas\/\",\"name\":\"Priorizar la salud en el proceso de fabricaci\u00f3n: una perspectiva de an\u00e1lisis de personas - AppliediT\",\"isPartOf\":{\"@id\":\"https:\/\/applieditweb.com\/es\/#website\"},\"primaryImageOfPage\":{\"@id\":\"https:\/\/applieditweb.com\/es\/priorizar-la-salud-en-el-proceso-de-fabricacion-una-perspectiva-de-analisis-de-personas\/#primaryimage\"},\"image\":{\"@id\":\"https:\/\/applieditweb.com\/es\/priorizar-la-salud-en-el-proceso-de-fabricacion-una-perspectiva-de-analisis-de-personas\/#primaryimage\"},\"thumbnailUrl\":\"https:\/\/applieditweb.com\/wp-content\/uploads\/2024\/04\/Hero-post-prioritizing-health.jpg\",\"datePublished\":\"2024-04-12T06:09:06+00:00\",\"dateModified\":\"2024-04-12T06:28:26+00:00\",\"description\":\"En Applied IT, reconocemos la importancia fundamental de la salud de los empleados en todos los aspectos de nuestras operaciones. En honor al reciente D\u00eda Mundial de la Salud, es crucial reflexionar sobre c\u00f3mo la salud de nuestros equipos impacta directamente en nuestros procesos de fabricaci\u00f3n. Desde el an\u00e1lisis de datos de personas hasta la implementaci\u00f3n de medidas proactivas, estamos comprometidos a optimizar la salud y el bienestar en el lugar de trabajo.\",\"breadcrumb\":{\"@id\":\"https:\/\/applieditweb.com\/es\/priorizar-la-salud-en-el-proceso-de-fabricacion-una-perspectiva-de-analisis-de-personas\/#breadcrumb\"},\"inLanguage\":\"es\",\"potentialAction\":[{\"@type\":\"ReadAction\",\"target\":[\"https:\/\/applieditweb.com\/es\/priorizar-la-salud-en-el-proceso-de-fabricacion-una-perspectiva-de-analisis-de-personas\/\"]}]},{\"@type\":\"ImageObject\",\"inLanguage\":\"es\",\"@id\":\"https:\/\/applieditweb.com\/es\/priorizar-la-salud-en-el-proceso-de-fabricacion-una-perspectiva-de-analisis-de-personas\/#primaryimage\",\"url\":\"https:\/\/applieditweb.com\/wp-content\/uploads\/2024\/04\/Hero-post-prioritizing-health.jpg\",\"contentUrl\":\"https:\/\/applieditweb.com\/wp-content\/uploads\/2024\/04\/Hero-post-prioritizing-health.jpg\",\"width\":1920,\"height\":1080},{\"@type\":\"BreadcrumbList\",\"@id\":\"https:\/\/applieditweb.com\/es\/priorizar-la-salud-en-el-proceso-de-fabricacion-una-perspectiva-de-analisis-de-personas\/#breadcrumb\",\"itemListElement\":[{\"@type\":\"ListItem\",\"position\":1,\"name\":\"Home\",\"item\":\"https:\/\/applieditweb.com\/es\/\"},{\"@type\":\"ListItem\",\"position\":2,\"name\":\"Priorizar la salud en el proceso de fabricaci\u00f3n: una perspectiva de an\u00e1lisis de personas\"}]},{\"@type\":\"WebSite\",\"@id\":\"https:\/\/applieditweb.com\/es\/#website\",\"url\":\"https:\/\/applieditweb.com\/es\/\",\"name\":\"appplieditweb.com\",\"description\":\"Capitalizing on Data\",\"publisher\":{\"@id\":\"https:\/\/applieditweb.com\/es\/#organization\"},\"potentialAction\":[{\"@type\":\"SearchAction\",\"target\":{\"@type\":\"EntryPoint\",\"urlTemplate\":\"https:\/\/applieditweb.com\/es\/?s={search_term_string}\"},\"query-input\":{\"@type\":\"PropertyValueSpecification\",\"valueRequired\":true,\"valueName\":\"search_term_string\"}}],\"inLanguage\":\"es\"},{\"@type\":\"Organization\",\"@id\":\"https:\/\/applieditweb.com\/es\/#organization\",\"name\":\"appplieditweb.com\",\"url\":\"https:\/\/applieditweb.com\/es\/\",\"logo\":{\"@type\":\"ImageObject\",\"inLanguage\":\"es\",\"@id\":\"https:\/\/applieditweb.com\/es\/#\/schema\/logo\/image\/\",\"url\":\"https:\/\/applieditweb.com\/wp-content\/uploads\/2022\/12\/appliedit-footer.webp\",\"contentUrl\":\"https:\/\/applieditweb.com\/wp-content\/uploads\/2022\/12\/appliedit-footer.webp\",\"width\":206,\"height\":60,\"caption\":\"appplieditweb.com\"},\"image\":{\"@id\":\"https:\/\/applieditweb.com\/es\/#\/schema\/logo\/image\/\"},\"sameAs\":[\"https:\/\/x.com\/AppliediT_es\",\"https:\/\/www.youtube.com\/@AppliediT\",\"https:\/\/www.instagram.com\/appliedit_es\/\"]},{\"@type\":\"Person\",\"@id\":\"https:\/\/applieditweb.com\/es\/#\/schema\/person\/3e275982e705f677ff48a6f13395848b\",\"name\":\"Patrick Svensson\",\"image\":{\"@type\":\"ImageObject\",\"inLanguage\":\"es\",\"@id\":\"https:\/\/applieditweb.com\/es\/#\/schema\/person\/image\/\",\"url\":\"https:\/\/applieditweb.com\/wp-content\/uploads\/2023\/05\/PS-150x150.png\",\"contentUrl\":\"https:\/\/applieditweb.com\/wp-content\/uploads\/2023\/05\/PS-150x150.png\",\"caption\":\"Patrick Svensson\"},\"description\":\"HR &amp; People Analytics\",\"sameAs\":[\"http:\/\/patrickusaf.com\",\"https:\/\/x.com\/Patrickusaf\"]}]}<\/script>\n<!-- \/ Yoast SEO plugin. -->","yoast_head_json":{"title":"Priorizar la salud en el proceso de fabricaci\u00f3n: una perspectiva de an\u00e1lisis de personas - AppliediT","description":"En Applied IT, reconocemos la importancia fundamental de la salud de los empleados en todos los aspectos de nuestras operaciones. En honor al reciente D\u00eda Mundial de la Salud, es crucial reflexionar sobre c\u00f3mo la salud de nuestros equipos impacta directamente en nuestros procesos de fabricaci\u00f3n. Desde el an\u00e1lisis de datos de personas hasta la implementaci\u00f3n de medidas proactivas, estamos comprometidos a optimizar la salud y el bienestar en el lugar de trabajo.","robots":{"index":"index","follow":"follow","max-snippet":"max-snippet:-1","max-image-preview":"max-image-preview:large","max-video-preview":"max-video-preview:-1"},"canonical":"https:\/\/applieditweb.com\/es\/priorizar-la-salud-en-el-proceso-de-fabricacion-una-perspectiva-de-analisis-de-personas\/","og_locale":"es_ES","og_type":"article","og_title":"Priorizar la salud en el proceso de fabricaci\u00f3n: una perspectiva de an\u00e1lisis de personas","og_description":"En Applied IT, reconocemos la importancia fundamental de la salud de los empleados en todos los aspectos de nuestras operaciones. En honor al reciente D\u00eda Mundial de la Salud, es crucial reflexionar sobre c\u00f3mo la salud de nuestros equipos impacta directamente en nuestros procesos de fabricaci\u00f3n. Desde el an\u00e1lisis de datos de personas hasta la implementaci\u00f3n de medidas proactivas, estamos comprometidos a optimizar la salud y el bienestar en el lugar de trabajo.","og_url":"https:\/\/applieditweb.com\/es\/priorizar-la-salud-en-el-proceso-de-fabricacion-una-perspectiva-de-analisis-de-personas\/","og_site_name":"AppliediT","article_published_time":"2024-04-12T06:09:06+00:00","article_modified_time":"2024-04-12T06:28:26+00:00","og_image":[{"width":1920,"height":1080,"url":"https:\/\/applieditweb.com\/wp-content\/uploads\/2024\/04\/Thumbnail-post-prioritizing-health-min.jpg","type":"image\/jpeg"}],"author":"Patrick Svensson","twitter_card":"summary_large_image","twitter_title":"Priorizar la salud en el proceso de fabricaci\u00f3n: una perspectiva de an\u00e1lisis de personas","twitter_description":"En Applied IT, reconocemos la importancia fundamental de la salud de los empleados en todos los aspectos de nuestras operaciones. En honor al reciente D\u00eda Mundial de la Salud, es crucial reflexionar sobre c\u00f3mo la salud de nuestros equipos impacta directamente en nuestros procesos de fabricaci\u00f3n. Desde el an\u00e1lisis de datos de personas hasta la implementaci\u00f3n de medidas proactivas, estamos comprometidos a optimizar la salud y el bienestar en el lugar de trabajo.","twitter_image":"https:\/\/applieditweb.com\/wp-content\/uploads\/2024\/04\/Thumbnail-post-prioritizing-health-min.jpg","twitter_creator":"@Patrickusaf","twitter_site":"@AppliediT_es","twitter_misc":{"Escrito por":"Patrick Svensson","Tiempo de lectura":"3 minutos"},"schema":{"@context":"https:\/\/schema.org","@graph":[{"@type":"Article","@id":"https:\/\/applieditweb.com\/es\/priorizar-la-salud-en-el-proceso-de-fabricacion-una-perspectiva-de-analisis-de-personas\/#article","isPartOf":{"@id":"https:\/\/applieditweb.com\/es\/priorizar-la-salud-en-el-proceso-de-fabricacion-una-perspectiva-de-analisis-de-personas\/"},"author":{"name":"Patrick Svensson","@id":"https:\/\/applieditweb.com\/es\/#\/schema\/person\/3e275982e705f677ff48a6f13395848b"},"headline":"Priorizar la salud en el proceso de fabricaci\u00f3n: una perspectiva de an\u00e1lisis de personas","datePublished":"2024-04-12T06:09:06+00:00","dateModified":"2024-04-12T06:28:26+00:00","mainEntityOfPage":{"@id":"https:\/\/applieditweb.com\/es\/priorizar-la-salud-en-el-proceso-de-fabricacion-una-perspectiva-de-analisis-de-personas\/"},"wordCount":2739,"publisher":{"@id":"https:\/\/applieditweb.com\/es\/#organization"},"image":{"@id":"https:\/\/applieditweb.com\/es\/priorizar-la-salud-en-el-proceso-de-fabricacion-una-perspectiva-de-analisis-de-personas\/#primaryimage"},"thumbnailUrl":"https:\/\/applieditweb.com\/wp-content\/uploads\/2024\/04\/Hero-post-prioritizing-health.jpg","articleSection":["Sin categorizar"],"inLanguage":"es"},{"@type":"WebPage","@id":"https:\/\/applieditweb.com\/es\/priorizar-la-salud-en-el-proceso-de-fabricacion-una-perspectiva-de-analisis-de-personas\/","url":"https:\/\/applieditweb.com\/es\/priorizar-la-salud-en-el-proceso-de-fabricacion-una-perspectiva-de-analisis-de-personas\/","name":"Priorizar la salud en el proceso de fabricaci\u00f3n: una perspectiva de an\u00e1lisis de personas - AppliediT","isPartOf":{"@id":"https:\/\/applieditweb.com\/es\/#website"},"primaryImageOfPage":{"@id":"https:\/\/applieditweb.com\/es\/priorizar-la-salud-en-el-proceso-de-fabricacion-una-perspectiva-de-analisis-de-personas\/#primaryimage"},"image":{"@id":"https:\/\/applieditweb.com\/es\/priorizar-la-salud-en-el-proceso-de-fabricacion-una-perspectiva-de-analisis-de-personas\/#primaryimage"},"thumbnailUrl":"https:\/\/applieditweb.com\/wp-content\/uploads\/2024\/04\/Hero-post-prioritizing-health.jpg","datePublished":"2024-04-12T06:09:06+00:00","dateModified":"2024-04-12T06:28:26+00:00","description":"En Applied IT, reconocemos la importancia fundamental de la salud de los empleados en todos los aspectos de nuestras operaciones. En honor al reciente D\u00eda Mundial de la Salud, es crucial reflexionar sobre c\u00f3mo la salud de nuestros equipos impacta directamente en nuestros procesos de fabricaci\u00f3n. Desde el an\u00e1lisis de datos de personas hasta la implementaci\u00f3n de medidas proactivas, estamos comprometidos a optimizar la salud y el bienestar en el lugar de trabajo.","breadcrumb":{"@id":"https:\/\/applieditweb.com\/es\/priorizar-la-salud-en-el-proceso-de-fabricacion-una-perspectiva-de-analisis-de-personas\/#breadcrumb"},"inLanguage":"es","potentialAction":[{"@type":"ReadAction","target":["https:\/\/applieditweb.com\/es\/priorizar-la-salud-en-el-proceso-de-fabricacion-una-perspectiva-de-analisis-de-personas\/"]}]},{"@type":"ImageObject","inLanguage":"es","@id":"https:\/\/applieditweb.com\/es\/priorizar-la-salud-en-el-proceso-de-fabricacion-una-perspectiva-de-analisis-de-personas\/#primaryimage","url":"https:\/\/applieditweb.com\/wp-content\/uploads\/2024\/04\/Hero-post-prioritizing-health.jpg","contentUrl":"https:\/\/applieditweb.com\/wp-content\/uploads\/2024\/04\/Hero-post-prioritizing-health.jpg","width":1920,"height":1080},{"@type":"BreadcrumbList","@id":"https:\/\/applieditweb.com\/es\/priorizar-la-salud-en-el-proceso-de-fabricacion-una-perspectiva-de-analisis-de-personas\/#breadcrumb","itemListElement":[{"@type":"ListItem","position":1,"name":"Home","item":"https:\/\/applieditweb.com\/es\/"},{"@type":"ListItem","position":2,"name":"Priorizar la salud en el proceso de fabricaci\u00f3n: una perspectiva de an\u00e1lisis de personas"}]},{"@type":"WebSite","@id":"https:\/\/applieditweb.com\/es\/#website","url":"https:\/\/applieditweb.com\/es\/","name":"appplieditweb.com","description":"Capitalizing on Data","publisher":{"@id":"https:\/\/applieditweb.com\/es\/#organization"},"potentialAction":[{"@type":"SearchAction","target":{"@type":"EntryPoint","urlTemplate":"https:\/\/applieditweb.com\/es\/?s={search_term_string}"},"query-input":{"@type":"PropertyValueSpecification","valueRequired":true,"valueName":"search_term_string"}}],"inLanguage":"es"},{"@type":"Organization","@id":"https:\/\/applieditweb.com\/es\/#organization","name":"appplieditweb.com","url":"https:\/\/applieditweb.com\/es\/","logo":{"@type":"ImageObject","inLanguage":"es","@id":"https:\/\/applieditweb.com\/es\/#\/schema\/logo\/image\/","url":"https:\/\/applieditweb.com\/wp-content\/uploads\/2022\/12\/appliedit-footer.webp","contentUrl":"https:\/\/applieditweb.com\/wp-content\/uploads\/2022\/12\/appliedit-footer.webp","width":206,"height":60,"caption":"appplieditweb.com"},"image":{"@id":"https:\/\/applieditweb.com\/es\/#\/schema\/logo\/image\/"},"sameAs":["https:\/\/x.com\/AppliediT_es","https:\/\/www.youtube.com\/@AppliediT","https:\/\/www.instagram.com\/appliedit_es\/"]},{"@type":"Person","@id":"https:\/\/applieditweb.com\/es\/#\/schema\/person\/3e275982e705f677ff48a6f13395848b","name":"Patrick Svensson","image":{"@type":"ImageObject","inLanguage":"es","@id":"https:\/\/applieditweb.com\/es\/#\/schema\/person\/image\/","url":"https:\/\/applieditweb.com\/wp-content\/uploads\/2023\/05\/PS-150x150.png","contentUrl":"https:\/\/applieditweb.com\/wp-content\/uploads\/2023\/05\/PS-150x150.png","caption":"Patrick Svensson"},"description":"HR &amp; People Analytics","sameAs":["http:\/\/patrickusaf.com","https:\/\/x.com\/Patrickusaf"]}]}},"_links":{"self":[{"href":"https:\/\/applieditweb.com\/es\/wp-json\/wp\/v2\/posts\/30812","targetHints":{"allow":["GET"]}}],"collection":[{"href":"https:\/\/applieditweb.com\/es\/wp-json\/wp\/v2\/posts"}],"about":[{"href":"https:\/\/applieditweb.com\/es\/wp-json\/wp\/v2\/types\/post"}],"author":[{"embeddable":true,"href":"https:\/\/applieditweb.com\/es\/wp-json\/wp\/v2\/users\/2"}],"replies":[{"embeddable":true,"href":"https:\/\/applieditweb.com\/es\/wp-json\/wp\/v2\/comments?post=30812"}],"version-history":[{"count":3,"href":"https:\/\/applieditweb.com\/es\/wp-json\/wp\/v2\/posts\/30812\/revisions"}],"predecessor-version":[{"id":30817,"href":"https:\/\/applieditweb.com\/es\/wp-json\/wp\/v2\/posts\/30812\/revisions\/30817"}],"wp:featuredmedia":[{"embeddable":true,"href":"https:\/\/applieditweb.com\/es\/wp-json\/wp\/v2\/media\/30809"}],"wp:attachment":[{"href":"https:\/\/applieditweb.com\/es\/wp-json\/wp\/v2\/media?parent=30812"}],"wp:term":[{"taxonomy":"category","embeddable":true,"href":"https:\/\/applieditweb.com\/es\/wp-json\/wp\/v2\/categories?post=30812"},{"taxonomy":"post_tag","embeddable":true,"href":"https:\/\/applieditweb.com\/es\/wp-json\/wp\/v2\/tags?post=30812"}],"curies":[{"name":"wp","href":"https:\/\/api.w.org\/{rel}","templated":true}]}}